{"id":586,"date":"2021-04-03T08:00:13","date_gmt":"2021-04-03T14:00:13","guid":{"rendered":"https:\/\/www.casapittier.com\/?p=586"},"modified":"2021-04-01T11:48:44","modified_gmt":"2021-04-01T17:48:44","slug":"salud-oral-en-personas-mayores","status":"publish","type":"post","link":"https:\/\/www.casapittier.com\/en\/blog\/salud-oral-en-personas-mayores\/","title":{"rendered":"Salud Oral en personas mayores"},"content":{"rendered":"<div class=\"fusion-fullwidth fullwidth-box fusion-builder-row-1 fusion-flex-container nonhundred-percent-fullwidth non-hundred-percent-height-scrolling\" style=\"background-color: rgba(255,255,255,0);background-position: center center;background-repeat: no-repeat;border-width: 0px 0px 0px 0px;border-color:#e2e2e2;border-style:solid;\" ><div class=\"fusion-builder-row fusion-row fusion-flex-align-items-flex-start\" style=\"max-width:1248px;margin-left: calc(-4% \/ 2 );margin-right: calc(-4% \/ 2 );\"><div class=\"fusion-layout-column fusion_builder_column fusion-builder-column-0 fusion_builder_column_2_3 2_3 fusion-flex-column\"><div class=\"fusion-column-wrapper fusion-flex-justify-content-flex-start fusion-content-layout-column\" style=\"background-position:left top;background-repeat:no-repeat;-webkit-background-size:cover;-moz-background-size:cover;-o-background-size:cover;background-size:cover;padding: 0px 0px 0px 0px;\"><div class=\"fusion-text fusion-text-1\"><p style=\"text-align: justify;\"><span style=\"font-family: georgia, palatino, serif; font-size: 16px;\">La <strong>odontolog\u00eda geri\u00e1trica<\/strong> se define como la especialidad de la Odontolog\u00eda que se dedica a la atenci\u00f3n de<strong> personas de la tercera edad<\/strong>.<\/span><\/p>\n<p style=\"text-align: justify;\"><span style=\"font-family: georgia, palatino, serif; font-size: 16px;\">Por lo general presentan <strong>enfermedades<\/strong> cr\u00f3nicas degenerativas, problemas psicosociales asociados y est\u00e1n medicados con f\u00e1rmacos que pueden producir <strong>efectos secundarios<\/strong> como:<\/span><\/p>\n<ul style=\"text-align: justify;\">\n<li><span style=\"font-family: georgia, palatino, serif; font-size: 16px;\">Resequedad oral<\/span><\/li>\n<li><span style=\"font-family: georgia, palatino, serif; font-size: 16px;\">P\u00e9rdida del gusto<\/span><\/li>\n<\/ul>\n<p style=\"text-align: justify;\"><span style=\"font-family: georgia, palatino, serif; font-size: 16px;\">As\u00ed como los <strong>cambios por la edad<\/strong>:<\/span><\/p>\n<ul style=\"text-align: justify;\">\n<li><span style=\"font-family: georgia, palatino, serif; font-size: 16px;\">En el hueso<\/span><\/li>\n<li><span style=\"font-family: georgia, palatino, serif; font-size: 16px;\">En la enc\u00eda<\/span><\/li>\n<li><span style=\"font-family: georgia, palatino, serif; font-size: 16px;\">P\u00e9rdida del apetito<\/span><\/li>\n<\/ul>\n<p style=\"text-align: justify;\"><span style=\"font-family: georgia, palatino, serif; font-size: 16px;\">Lo anterior no significa que sea una generalidad en la poblaci\u00f3n adulta mayor que presenten estos s\u00edntomas y otros problemas como la p\u00e9rdida de algunas piezas dentales o p\u00e9rdida total de los dientes naturales.<\/span><\/p>\n<p style=\"text-align: justify;\"><span style=\"font-family: georgia, palatino, serif; font-size: 16px;\">Dentro de los factores que influyen en la condici\u00f3n oral de las personas est\u00e1n la edad, la herencia, la condici\u00f3n econ\u00f3mica, los h\u00e1bitos de higiene, las enfermedades heredadas y los factores sociales como el fumado y la ingesta de licor y uso de drogas il\u00edcitas.<\/span><\/p>\n<p>&nbsp;<\/p>\n<blockquote>\n<p style=\"text-align: center;\"><span style=\"font-size: 20px;\"><em><strong><span style=\"font-family: georgia, palatino, serif;\">Las caracter\u00edsticas y cambios orales conforme avanzan la edad se presentan por p\u00e9rdida de hueso, deshidrataci\u00f3n, p\u00e9rdida del apetito, p\u00e9rdida del gusto, gastritis, c\u00e1ncer, quimioterapia o radioterapia y falta de higiene o infecciones frecuentes y p\u00e9rdida del apetito.\u00a0<\/span><\/strong><\/em><\/span><\/p>\n<\/blockquote>\n<\/div><\/div><\/div><style type=\"text\/css\">.fusion-body .fusion-builder-column-0{width:66.666666666667% !important;margin-top : 0px;margin-bottom : 20px;}.fusion-builder-column-0 > .fusion-column-wrapper {padding-top : 0px !important;padding-right : 0px !important;margin-right : 2.88%;padding-bottom : 0px !important;padding-left : 0px !important;margin-left : 2.88%;}@media only screen and (max-width:1024px) {.fusion-body .fusion-builder-column-0{width:100% !important;order : 0;}.fusion-builder-column-0 > .fusion-column-wrapper {margin-right : 1.92%;margin-left : 1.92%;}}@media only screen and (max-width:640px) {.fusion-body .fusion-builder-column-0{width:100% !important;order : 0;}.fusion-builder-column-0 > .fusion-column-wrapper {margin-right : 1.92%;margin-left : 1.92%;}}<\/style><div class=\"fusion-layout-column fusion_builder_column fusion-builder-column-1 fusion_builder_column_1_3 1_3 fusion-flex-column\"><div class=\"fusion-column-wrapper fusion-flex-justify-content-flex-start fusion-content-layout-column\" style=\"background-position:left top;background-repeat:no-repeat;-webkit-background-size:cover;-moz-background-size:cover;-o-background-size:cover;background-size:cover;padding: 0px 0px 0px 0px;\"><div ><span class=\" fusion-imageframe imageframe-none imageframe-1 hover-type-none\" style=\"border-radius:15px;\"><img decoding=\"async\" width=\"800\" height=\"1200\" alt=\"salud oral\" title=\"salud oral en personas mayores\" src=\"https:\/\/www.casapittier.com\/wp-content\/uploads\/blog-post-2-1.png\" class=\"img-responsive wp-image-587\" srcset=\"https:\/\/www.casapittier.com\/wp-content\/uploads\/blog-post-2-1-200x300.png 200w, https:\/\/www.casapittier.com\/wp-content\/uploads\/blog-post-2-1-400x600.png 400w, https:\/\/www.casapittier.com\/wp-content\/uploads\/blog-post-2-1-600x900.png 600w, https:\/\/www.casapittier.com\/wp-content\/uploads\/blog-post-2-1.png 800w\" sizes=\"(max-width: 1024px) 100vw, (max-width: 640px) 100vw, 400px\" \/><\/span><\/div><\/div><\/div><style type=\"text\/css\">.fusion-body .fusion-builder-column-1{width:33.333333333333% !important;margin-top : 0px;margin-bottom : 20px;}.fusion-builder-column-1 > .fusion-column-wrapper {padding-top : 0px !important;padding-right : 0px !important;margin-right : 5.76%;padding-bottom : 0px !important;padding-left : 0px !important;margin-left : 5.76%;}@media only screen and (max-width:1024px) {.fusion-body .fusion-builder-column-1{width:100% !important;order : 0;}.fusion-builder-column-1 > .fusion-column-wrapper {margin-right : 1.92%;margin-left : 1.92%;}}@media only screen and (max-width:640px) {.fusion-body .fusion-builder-column-1{width:100% !important;order : 0;}.fusion-builder-column-1 > .fusion-column-wrapper {margin-right : 1.92%;margin-left : 1.92%;}}<\/style><div class=\"fusion-layout-column fusion_builder_column fusion-builder-column-2 fusion_builder_column_1_1 1_1 fusion-flex-column\"><div class=\"fusion-column-wrapper fusion-flex-justify-content-flex-start fusion-content-layout-column\" style=\"background-position:left top;background-repeat:no-repeat;-webkit-background-size:cover;-moz-background-size:cover;-o-background-size:cover;background-size:cover;padding: 0px 0px 0px 0px;\"><style type=\"text\/css\">@media only screen and (max-width:1024px) {.fusion-title.fusion-title-1{margin-top:10px!important;margin-bottom:15px!important;}}@media only screen and (max-width:640px) {.fusion-title.fusion-title-1{margin-top:10px!important;margin-bottom:10px!important;}}<\/style><div class=\"fusion-title title fusion-title-1 fusion-sep-none fusion-title-text fusion-title-size-two\" style=\"margin-top:10px;margin-bottom:15px;\"><h2 class=\"title-heading-left\" style=\"margin:0;\">Preguntas comunes en una valoraci\u00f3n dental<\/h2><\/div><div class=\"fusion-text fusion-text-2\"><ul>\n<li style=\"text-align: justify;\"><span style=\"font-family: georgia, palatino, serif; font-size: 16px;\">\u00bfUtiliza pr\u00f3tesis dentales?<\/span><\/li>\n<li style=\"text-align: justify;\"><span style=\"font-family: georgia, palatino, serif; font-size: 16px;\">\u00bfTiene problemas para tragar o masticar?<\/span><\/li>\n<li style=\"text-align: justify;\"><span style=\"font-family: georgia, palatino, serif; font-size: 16px;\">\u00bfSu dieta es s\u00f3lida o licuada?<\/span><\/li>\n<li style=\"text-align: justify;\"><span style=\"font-family: georgia, palatino, serif; font-size: 16px;\">Evaluar la higiene oral<\/span><\/li>\n<li style=\"text-align: justify;\"><span style=\"font-family: georgia, palatino, serif; font-size: 16px;\">Ausencia o presencia de inflamaci\u00f3n gingival, intensidad, dolor y p\u00e9rdida de la funci\u00f3n masticatoria<\/span><\/li>\n<li style=\"text-align: justify;\"><span style=\"font-family: georgia, palatino, serif; font-size: 16px;\">Examen de los tejidos que rodean cada diente<\/span><\/li>\n<li style=\"text-align: justify;\"><span style=\"font-family: georgia, palatino, serif; font-size: 16px;\">Ausencia o presencia de enfermedad periodontal<\/span><\/li>\n<li style=\"text-align: justify;\"><span style=\"font-family: georgia, palatino, serif; font-size: 16px;\">Lesiones o cirug\u00edas bucales<\/span><\/li>\n<\/ul>\n<\/div><style type=\"text\/css\">@media only screen and (max-width:1024px) {.fusion-title.fusion-title-2{margin-top:10px!important;margin-bottom:15px!important;}}@media only screen and (max-width:640px) {.fusion-title.fusion-title-2{margin-top:10px!important;margin-bottom:10px!important;}}<\/style><div class=\"fusion-title title fusion-title-2 fusion-sep-none fusion-title-text fusion-title-size-two\" style=\"margin-top:10px;margin-bottom:15px;\"><h2 class=\"title-heading-left\" style=\"margin:0;\">Importancia de la higiene oral en personas mayores<\/h2><\/div><div class=\"fusion-text fusion-text-3\"><p style=\"text-align: justify;\"><span style=\"font-family: georgia, palatino, serif; font-size: 16px;\">Las personas adultas mayores deber\u00e1n tener una higiene oral muy estricta para evitar sarro o placa, halitosis o mal aliento, lengua saburra o sucia, restos de comida entre las piezas dentales naturales y en las pr\u00f3tesis dentales cuando las presentan.<\/span><\/p>\n<p>&nbsp;<\/p>\n<blockquote>\n<p style=\"text-align: center;\"><span style=\"font-size: 20px;\"><em><strong><span style=\"font-family: georgia, palatino, serif;\">Las pr\u00f3tesis dentales se retiran en la noche y se guardan en un estuche especial y se lavan por la ma\u00f1ana antes de colocarlas al paciente.<\/span><\/strong><\/em><\/span><\/p>\n<\/blockquote>\n<p>&nbsp;<\/p>\n<p style=\"text-align: justify;\"><span style=\"font-family: georgia, palatino, serif; font-size: 16px;\">Las pr\u00f3tesis se lavan con jab\u00f3n l\u00edquido y nunca con crema o pasta dental, ya que la misma no tiene efecto saponificado y no se limpian adecuadamente.<\/span><\/p>\n<p style=\"text-align: justify;\"><span style=\"font-family: georgia, palatino, serif; font-size: 16px;\">Eliminar el cloro, agua oxigenada, alcohol \u00a0y otras sustancias que no se deben usar en la cavidad oral ni en las pr\u00f3tesis dentales, ya que no realizan una limpieza adecuada y puede da\u00f1ar el material de las pr\u00f3tesis o producir manchas amarillas u oscuras.<\/span><\/p>\n<p style=\"text-align: justify;\"><span style=\"font-family: georgia, palatino, serif; font-size: 16px;\">En pacientes encamados o que necesitan ox\u00edgeno o requieren sonda, las pr\u00f3tesis se retiran y se guardan en el estuche respectivo con agua y jab\u00f3n l\u00edquido.<\/span><\/p>\n<p>&nbsp;<\/p>\n<blockquote>\n<p style=\"text-align: center;\"><span style=\"font-size: 20px;\"><em><strong><span style=\"font-family: georgia, palatino, serif;\">El cepillo dental se debe usar siempre y en el caso de la lengua, se puede limpiar con gasa cada vez que el paciente come para evitar manchas y que queden restos de comida.<\/span><\/strong><\/em><\/span><\/p>\n<\/blockquote>\n<p>&nbsp;<\/p>\n<p style=\"text-align: justify;\"><span style=\"font-family: georgia, palatino, serif; font-size: 16px;\">La atenci\u00f3n dental es diferente en cada paciente seg\u00fan su condici\u00f3n de salud, pero lo que es igual para todos es la higiene oral y el observar cualquier fractura en los dientes, en las pr\u00f3tesis, observar si hay lesiones en labios o lengua y si presentan inflamaci\u00f3n en las enc\u00edas o en las mejillas, as\u00ed como cualquier dolor o molestia en cualquier sitio de la cavidad oral y cambios de color en el paladar piso de la boca.<\/span><\/p>\n<p style=\"text-align: justify;\"><span style=\"font-family: georgia, palatino, serif; font-size: 16px;\">Recordar siempre que el Sistema Digestivo es un tubo que va de la cavidad oral al recto, por lo que la boca y los dientes en buenas condiciones colaboran con la nutrici\u00f3n, la digesti\u00f3n y el \u00e9xito en la nutrici\u00f3n de los y las pacientes.<\/span><\/p>\n<p>&nbsp;<\/p>\n<blockquote>\n<p style=\"text-align: center;\"><span style=\"font-size: 20px;\"><em><strong><span style=\"font-family: georgia, palatino, serif;\">La atenci\u00f3n dental forma parte de la atenci\u00f3n integral de las personas mayores y su calidad de vida. <\/span><\/strong><\/em><\/span><\/p>\n<\/blockquote>\n<\/div><div class=\"fusion-text fusion-text-4\"><p style=\"text-align: justify;\"><span style=\"font-family: georgia, palatino, serif; font-size: 16px;\">Escrito por Dra. Silvia Castro Pittier<\/span><\/p>\n<\/div><\/div><\/div><style type=\"text\/css\">.fusion-body .fusion-builder-column-2{width:100% !important;margin-top : 0px;margin-bottom : 20px;}.fusion-builder-column-2 > .fusion-column-wrapper {padding-top : 0px !important;padding-right : 0px !important;margin-right : 1.92%;padding-bottom : 0px !important;padding-left : 0px !important;margin-left : 1.92%;}@media only screen and (max-width:1024px) {.fusion-body .fusion-builder-column-2{width:100% !important;order : 0;}.fusion-builder-column-2 > .fusion-column-wrapper {margin-right : 1.92%;margin-left : 1.92%;}}@media only screen and (max-width:640px) {.fusion-body .fusion-builder-column-2{width:100% !important;order : 0;}.fusion-builder-column-2 > .fusion-column-wrapper {margin-right : 1.92%;margin-left : 1.92%;}}<\/style><div class=\"fusion-layout-column fusion_builder_column fusion-builder-column-3 fusion_builder_column_1_2 1_2 fusion-flex-column\"><div class=\"fusion-column-wrapper fusion-flex-justify-content-flex-start fusion-content-layout-column\" style=\"background-position:left top;background-repeat:no-repeat;-webkit-background-size:cover;-moz-background-size:cover;-o-background-size:cover;background-size:cover;padding: 0px 0px 0px 0px;\"><div class=\"fusion-widget fusion-widget-element fusion-widget-area fusion-content-widget-area wpWidget-1\" style=\"border-width:0px;border-style:solid;\"><div class=\"widget facebook_like\"><div class=\"heading\"><h4 class=\"widget-title\">Encu\u00e9ntranos en Facebook<\/h4><\/div>\n\t\t\t\t\t\t\t\t\t\t\t\t<script>\n\t\t\t\n\t\t\t\t\twindow.fbAsyncInit = function() {\n\t\t\t\t\t\tfusion_resize_page_widget();\n\n\t\t\t\t\t\tjQuery( window ).resize( function() {\n\t\t\t\t\t\t\tfusion_resize_page_widget();\n\t\t\t\t\t\t});\n\n\t\t\t\t\t\tfunction fusion_resize_page_widget() {\n\t\t\t\t\t\t\tvar availableSpace     = jQuery( '.1' ).width(),\n\t\t\t\t\t\t\t\tlastAvailableSPace = jQuery( '.1 .fb-page' ).attr( 'data-width' ),\n\t\t\t\t\t\t\t\tmaxWidth           = 268;\n\n\t\t\t\t\t\t\tif ( 1 > availableSpace ) {\n\t\t\t\t\t\t\t\tavailableSpace = maxWidth;\n\t\t\t\t\t\t\t}\n\n\t\t\t\t\t\t\tif ( availableSpace != lastAvailableSPace && availableSpace != maxWidth ) {\n\t\t\t\t\t\t\t\tif ( maxWidth < availableSpace ) {\n\t\t\t\t\t\t\t\t\tavailableSpace = maxWidth;\n\t\t\t\t\t\t\t\t}\n\t\t\t\t\t\t\t\tjQuery('.1 .fb-page' ).attr( 'data-width', availableSpace );\n\t\t\t\t\t\t\t\tif ( 'undefined' !== typeof FB ) {\n\t\t\t\t\t\t\t\t\tFB.XFBML.parse();\n\t\t\t\t\t\t\t\t}\n\t\t\t\t\t\t\t}\n\t\t\t\t\t\t}\n\t\t\t\t\t};\n\n\t\t\t\t\t( function( d, s, id ) {\n\t\t\t\t\t\tvar js,\n\t\t\t\t\t\t\tfjs = d.getElementsByTagName( s )[0];\n\t\t\t\t\t\tif ( d.getElementById( id ) ) {\n\t\t\t\t\t\t\treturn;\n\t\t\t\t\t\t}\n\t\t\t\t\t\tjs     = d.createElement( s );\n\t\t\t\t\t\tjs.id  = id;\n\t\t\t\t\t\tjs.src = \"https:\/\/connect.facebook.net\/en_US\/sdk.js#xfbml=1&version=v2.11&appId=\";\n\t\t\t\t\t\tfjs.parentNode.insertBefore( js, fjs );\n\t\t\t\t\t}( document, 'script', 'facebook-jssdk' ) );\n\n\t\t\t\t\t\t\t<\/script>\n\t\t\t\n\t\t\t<div class=\"fb-like-box-container 1\" id=\"fb-root\">\n\t\t\t\t<div class=\"fb-page\" data-href=\"http:\/\/www.facebook.com\/casaspittier\" data-original-width=\"268\" data-width=\"268\" data-adapt-container-width=\"true\" data-small-header=\"false\" data-height=\"270\" data-hide-cover=\"true\" data-show-facepile=\"true\" data-tabs=\"\"><\/div>\n\t\t\t<\/div>\n\t\t\t<\/div><\/div><\/div><\/div><style type=\"text\/css\">.fusion-body .fusion-builder-column-3{width:50% !important;margin-top : 0px;margin-bottom : 20px;}.fusion-builder-column-3 > .fusion-column-wrapper {padding-top : 0px !important;padding-right : 0px !important;margin-right : 3.84%;padding-bottom : 0px !important;padding-left : 0px !important;margin-left : 3.84%;}@media only screen and (max-width:1024px) {.fusion-body .fusion-builder-column-3{width:100% !important;order : 0;}.fusion-builder-column-3 > .fusion-column-wrapper {margin-right : 1.92%;margin-left : 1.92%;}}@media only screen and (max-width:640px) {.fusion-body .fusion-builder-column-3{width:100% !important;order : 0;}.fusion-builder-column-3 > .fusion-column-wrapper {margin-right : 1.92%;margin-left : 1.92%;}}<\/style><div class=\"fusion-layout-column fusion_builder_column fusion-builder-column-4 fusion_builder_column_1_2 1_2 fusion-flex-column\"><div class=\"fusion-column-wrapper fusion-flex-justify-content-flex-start fusion-content-layout-column\" style=\"background-position:left top;background-repeat:no-repeat;-webkit-background-size:cover;-moz-background-size:cover;-o-background-size:cover;background-size:cover;padding: 0px 0px 0px 0px;\"><div class=\"fusion-widget fusion-widget-element fusion-widget-area fusion-content-widget-area wpWidget-2\" style=\"border-width:0px;border-style:solid;\"><div class=\"widget widget_mc4wp_form_widget\"><div class=\"heading\"><h4 class=\"widget-title\">Recibe las \u00faltimas noticias en tu bandeja de correo electr\u00f3nico<\/h4><\/div><script>(function() {\n\twindow.mc4wp = window.mc4wp || {\n\t\tlisteners: [],\n\t\tforms: {\n\t\t\ton: function(evt, cb) {\n\t\t\t\twindow.mc4wp.listeners.push(\n\t\t\t\t\t{\n\t\t\t\t\t\tevent   : evt,\n\t\t\t\t\t\tcallback: cb\n\t\t\t\t\t}\n\t\t\t\t);\n\t\t\t}\n\t\t}\n\t}\n})();\n<\/script><!-- Mailchimp for WordPress v4.12.2 - https:\/\/wordpress.org\/plugins\/mailchimp-for-wp\/ --><form id=\"mc4wp-form-1\" class=\"mc4wp-form mc4wp-form-545\" method=\"post\" data-id=\"545\" data-name=\"Solicitud de informaci\u00f3n\" ><div class=\"mc4wp-form-fields\"><p>\n\t<label>Correo electr\u00f3nico: \n\t\t<input type=\"email\" name=\"EMAIL\" placeholder=\"Su correo electr\u00f3nico\" required \/>\n<\/label>\n<\/p>\n\n<p>\n\t<input type=\"submit\" value=\"Registrarse\" \/>\n<\/p><\/div><label style=\"display: none !important;\">Leave this field empty if you're human: <input type=\"text\" name=\"_mc4wp_honeypot\" value=\"\" tabindex=\"-1\" autocomplete=\"off\" \/><\/label><input type=\"hidden\" name=\"_mc4wp_timestamp\" value=\"1777111137\" \/><input type=\"hidden\" name=\"_mc4wp_form_id\" value=\"545\" \/><input type=\"hidden\" name=\"_mc4wp_form_element_id\" value=\"mc4wp-form-1\" \/><div class=\"mc4wp-response\"><\/div><\/form><!-- \/ Mailchimp for WordPress Plugin --><\/div><\/div><\/div><\/div><style type=\"text\/css\">.fusion-body .fusion-builder-column-4{width:50% !important;margin-top : 0px;margin-bottom : 20px;}.fusion-builder-column-4 > .fusion-column-wrapper {padding-top : 0px !important;padding-right : 0px !important;margin-right : 3.84%;padding-bottom : 0px !important;padding-left : 0px !important;margin-left : 3.84%;}@media only screen and (max-width:1024px) {.fusion-body .fusion-builder-column-4{width:100% !important;order : 0;}.fusion-builder-column-4 > .fusion-column-wrapper {margin-right : 1.92%;margin-left : 1.92%;}}@media only screen and (max-width:640px) {.fusion-body .fusion-builder-column-4{width:100% !important;order : 0;}.fusion-builder-column-4 > .fusion-column-wrapper {margin-right : 1.92%;margin-left : 1.92%;}}<\/style><\/div><style type=\"text\/css\">.fusion-body .fusion-flex-container.fusion-builder-row-1{ padding-top : 0px;margin-top : 0px;padding-right : 0px;padding-bottom : 0px;margin-bottom : 0px;padding-left : 0px;}<\/style><\/div>\n","protected":false},"excerpt":{"rendered":"","protected":false},"author":3,"featured_media":589,"comment_status":"open","ping_status":"open","sticky":false,"template":"","format":"standard","meta":{"footnotes":""},"categories":[1],"tags":[],"class_list":["post-586","post","type-post","status-publish","format-standard","has-post-thumbnail","hentry","category-blog"],"yoast_head":"<!-- This site is optimized with the Yoast SEO plugin v27.4 - https:\/\/yoast.com\/product\/yoast-seo-wordpress\/ -->\n<title>Salud Oral en personas mayores &#8226; Casa Pittier<\/title>\n<meta name=\"description\" content=\"La salud oral es una parte fundamental de la salud integral de las personas mayores. Realizar valoraciones dentales peri\u00f3dicas.\" \/>\n<meta name=\"robots\" content=\"index, follow, max-snippet:-1, max-image-preview:large, max-video-preview:-1\" \/>\n<link rel=\"canonical\" href=\"https:\/\/www.casapittier.com\/en\/blog\/salud-oral-en-personas-mayores\/\" \/>\n<meta property=\"og:locale\" content=\"en_US\" \/>\n<meta property=\"og:type\" content=\"article\" \/>\n<meta property=\"og:title\" content=\"Salud Oral en personas mayores &#8226; Casa Pittier\" \/>\n<meta property=\"og:description\" content=\"La salud oral es una parte fundamental de la salud integral de las personas mayores. Realizar valoraciones dentales peri\u00f3dicas.\" \/>\n<meta property=\"og:url\" content=\"https:\/\/www.casapittier.com\/en\/blog\/salud-oral-en-personas-mayores\/\" \/>\n<meta property=\"og:site_name\" content=\"Casa Pittier\" \/>\n<meta property=\"article:publisher\" content=\"https:\/\/www.facebook.com\/casaspittier\/\" \/>\n<meta property=\"article:published_time\" content=\"2021-04-03T14:00:13+00:00\" \/>\n<meta property=\"og:image\" content=\"https:\/\/www.casapittier.com\/wp-content\/uploads\/blog-template-img-destacada-4.png\" \/>\n\t<meta property=\"og:image:width\" content=\"1200\" \/>\n\t<meta property=\"og:image:height\" content=\"782\" \/>\n\t<meta property=\"og:image:type\" content=\"image\/png\" \/>\n<meta name=\"author\" content=\"Casa Pittier\" \/>\n<meta name=\"twitter:card\" content=\"summary_large_image\" \/>\n<meta name=\"twitter:label1\" content=\"Written by\" \/>\n\t<meta name=\"twitter:data1\" content=\"Casa Pittier\" \/>\n\t<meta name=\"twitter:label2\" content=\"Est. reading time\" \/>\n\t<meta name=\"twitter:data2\" content=\"3 minutes\" \/>\n<script type=\"application\/ld+json\" class=\"yoast-schema-graph\">{\"@context\":\"https:\\\/\\\/schema.org\",\"@graph\":[{\"@type\":\"Article\",\"@id\":\"https:\\\/\\\/www.casapittier.com\\\/en\\\/blog\\\/salud-oral-en-personas-mayores\\\/#article\",\"isPartOf\":{\"@id\":\"https:\\\/\\\/www.casapittier.com\\\/en\\\/blog\\\/salud-oral-en-personas-mayores\\\/\"},\"author\":{\"name\":\"Casa Pittier\",\"@id\":\"https:\\\/\\\/www.casapittier.com\\\/#\\\/schema\\\/person\\\/216f92e019eaf71e5b56a2880b64abb4\"},\"headline\":\"Salud Oral en personas mayores\",\"datePublished\":\"2021-04-03T14:00:13+00:00\",\"mainEntityOfPage\":{\"@id\":\"https:\\\/\\\/www.casapittier.com\\\/en\\\/blog\\\/salud-oral-en-personas-mayores\\\/\"},\"wordCount\":2836,\"commentCount\":0,\"publisher\":{\"@id\":\"https:\\\/\\\/www.casapittier.com\\\/#organization\"},\"image\":{\"@id\":\"https:\\\/\\\/www.casapittier.com\\\/en\\\/blog\\\/salud-oral-en-personas-mayores\\\/#primaryimage\"},\"thumbnailUrl\":\"https:\\\/\\\/www.casapittier.com\\\/wp-content\\\/uploads\\\/blog-template-img-destacada-4.png\",\"articleSection\":[\"blog\"],\"inLanguage\":\"en-US\",\"potentialAction\":[{\"@type\":\"CommentAction\",\"name\":\"Comment\",\"target\":[\"https:\\\/\\\/www.casapittier.com\\\/en\\\/blog\\\/salud-oral-en-personas-mayores\\\/#respond\"]}]},{\"@type\":\"WebPage\",\"@id\":\"https:\\\/\\\/www.casapittier.com\\\/en\\\/blog\\\/salud-oral-en-personas-mayores\\\/\",\"url\":\"https:\\\/\\\/www.casapittier.com\\\/en\\\/blog\\\/salud-oral-en-personas-mayores\\\/\",\"name\":\"Salud Oral en personas mayores &#8226; Casa Pittier\",\"isPartOf\":{\"@id\":\"https:\\\/\\\/www.casapittier.com\\\/#website\"},\"primaryImageOfPage\":{\"@id\":\"https:\\\/\\\/www.casapittier.com\\\/en\\\/blog\\\/salud-oral-en-personas-mayores\\\/#primaryimage\"},\"image\":{\"@id\":\"https:\\\/\\\/www.casapittier.com\\\/en\\\/blog\\\/salud-oral-en-personas-mayores\\\/#primaryimage\"},\"thumbnailUrl\":\"https:\\\/\\\/www.casapittier.com\\\/wp-content\\\/uploads\\\/blog-template-img-destacada-4.png\",\"datePublished\":\"2021-04-03T14:00:13+00:00\",\"description\":\"La salud oral es una parte fundamental de la salud integral de las personas mayores. Realizar valoraciones dentales peri\u00f3dicas.\",\"breadcrumb\":{\"@id\":\"https:\\\/\\\/www.casapittier.com\\\/en\\\/blog\\\/salud-oral-en-personas-mayores\\\/#breadcrumb\"},\"inLanguage\":\"en-US\",\"potentialAction\":[{\"@type\":\"ReadAction\",\"target\":[\"https:\\\/\\\/www.casapittier.com\\\/en\\\/blog\\\/salud-oral-en-personas-mayores\\\/\"]}]},{\"@type\":\"ImageObject\",\"inLanguage\":\"en-US\",\"@id\":\"https:\\\/\\\/www.casapittier.com\\\/en\\\/blog\\\/salud-oral-en-personas-mayores\\\/#primaryimage\",\"url\":\"https:\\\/\\\/www.casapittier.com\\\/wp-content\\\/uploads\\\/blog-template-img-destacada-4.png\",\"contentUrl\":\"https:\\\/\\\/www.casapittier.com\\\/wp-content\\\/uploads\\\/blog-template-img-destacada-4.png\",\"width\":1200,\"height\":782,\"caption\":\"salud oral en personas mayores costa rica\"},{\"@type\":\"BreadcrumbList\",\"@id\":\"https:\\\/\\\/www.casapittier.com\\\/en\\\/blog\\\/salud-oral-en-personas-mayores\\\/#breadcrumb\",\"itemListElement\":[{\"@type\":\"ListItem\",\"position\":1,\"name\":\"Portada\",\"item\":\"https:\\\/\\\/www.casapittier.com\\\/\"},{\"@type\":\"ListItem\",\"position\":2,\"name\":\"Salud Oral en personas mayores\"}]},{\"@type\":\"WebSite\",\"@id\":\"https:\\\/\\\/www.casapittier.com\\\/#website\",\"url\":\"https:\\\/\\\/www.casapittier.com\\\/\",\"name\":\"Casa de Estancia Pittier\",\"description\":\"Casa de Estancia Pittier\",\"publisher\":{\"@id\":\"https:\\\/\\\/www.casapittier.com\\\/#organization\"},\"potentialAction\":[{\"@type\":\"SearchAction\",\"target\":{\"@type\":\"EntryPoint\",\"urlTemplate\":\"https:\\\/\\\/www.casapittier.com\\\/?s={search_term_string}\"},\"query-input\":{\"@type\":\"PropertyValueSpecification\",\"valueRequired\":true,\"valueName\":\"search_term_string\"}}],\"inLanguage\":\"en-US\"},{\"@type\":\"Organization\",\"@id\":\"https:\\\/\\\/www.casapittier.com\\\/#organization\",\"name\":\"Casa de Estancia Pittier\",\"url\":\"https:\\\/\\\/www.casapittier.com\\\/\",\"logo\":{\"@type\":\"ImageObject\",\"inLanguage\":\"en-US\",\"@id\":\"https:\\\/\\\/www.casapittier.com\\\/#\\\/schema\\\/logo\\\/image\\\/\",\"url\":\"https:\\\/\\\/www.casapittier.com\\\/wp-content\\\/uploads\\\/Untitled-design.png\",\"contentUrl\":\"https:\\\/\\\/www.casapittier.com\\\/wp-content\\\/uploads\\\/Untitled-design.png\",\"width\":1500,\"height\":1500,\"caption\":\"Casa de Estancia Pittier\"},\"image\":{\"@id\":\"https:\\\/\\\/www.casapittier.com\\\/#\\\/schema\\\/logo\\\/image\\\/\"},\"sameAs\":[\"https:\\\/\\\/www.facebook.com\\\/casaspittier\\\/\",\"https:\\\/\\\/www.instagram.com\\\/casaspittier\\\/\"]},{\"@type\":\"Person\",\"@id\":\"https:\\\/\\\/www.casapittier.com\\\/#\\\/schema\\\/person\\\/216f92e019eaf71e5b56a2880b64abb4\",\"name\":\"Casa Pittier\"}]}<\/script>\n<!-- \/ Yoast SEO plugin. -->","yoast_head_json":{"title":"Salud Oral en personas mayores &#8226; Casa Pittier","description":"La salud oral es una parte fundamental de la salud integral de las personas mayores. Realizar valoraciones dentales peri\u00f3dicas.","robots":{"index":"index","follow":"follow","max-snippet":"max-snippet:-1","max-image-preview":"max-image-preview:large","max-video-preview":"max-video-preview:-1"},"canonical":"https:\/\/www.casapittier.com\/en\/blog\/salud-oral-en-personas-mayores\/","og_locale":"en_US","og_type":"article","og_title":"Salud Oral en personas mayores &#8226; Casa Pittier","og_description":"La salud oral es una parte fundamental de la salud integral de las personas mayores. Realizar valoraciones dentales peri\u00f3dicas.","og_url":"https:\/\/www.casapittier.com\/en\/blog\/salud-oral-en-personas-mayores\/","og_site_name":"Casa Pittier","article_publisher":"https:\/\/www.facebook.com\/casaspittier\/","article_published_time":"2021-04-03T14:00:13+00:00","og_image":[{"width":1200,"height":782,"url":"https:\/\/www.casapittier.com\/wp-content\/uploads\/blog-template-img-destacada-4.png","type":"image\/png"}],"author":"Casa Pittier","twitter_card":"summary_large_image","twitter_misc":{"Written by":"Casa Pittier","Est. reading time":"3 minutes"},"schema":{"@context":"https:\/\/schema.org","@graph":[{"@type":"Article","@id":"https:\/\/www.casapittier.com\/en\/blog\/salud-oral-en-personas-mayores\/#article","isPartOf":{"@id":"https:\/\/www.casapittier.com\/en\/blog\/salud-oral-en-personas-mayores\/"},"author":{"name":"Casa Pittier","@id":"https:\/\/www.casapittier.com\/#\/schema\/person\/216f92e019eaf71e5b56a2880b64abb4"},"headline":"Salud Oral en personas mayores","datePublished":"2021-04-03T14:00:13+00:00","mainEntityOfPage":{"@id":"https:\/\/www.casapittier.com\/en\/blog\/salud-oral-en-personas-mayores\/"},"wordCount":2836,"commentCount":0,"publisher":{"@id":"https:\/\/www.casapittier.com\/#organization"},"image":{"@id":"https:\/\/www.casapittier.com\/en\/blog\/salud-oral-en-personas-mayores\/#primaryimage"},"thumbnailUrl":"https:\/\/www.casapittier.com\/wp-content\/uploads\/blog-template-img-destacada-4.png","articleSection":["blog"],"inLanguage":"en-US","potentialAction":[{"@type":"CommentAction","name":"Comment","target":["https:\/\/www.casapittier.com\/en\/blog\/salud-oral-en-personas-mayores\/#respond"]}]},{"@type":"WebPage","@id":"https:\/\/www.casapittier.com\/en\/blog\/salud-oral-en-personas-mayores\/","url":"https:\/\/www.casapittier.com\/en\/blog\/salud-oral-en-personas-mayores\/","name":"Salud Oral en personas mayores &#8226; Casa Pittier","isPartOf":{"@id":"https:\/\/www.casapittier.com\/#website"},"primaryImageOfPage":{"@id":"https:\/\/www.casapittier.com\/en\/blog\/salud-oral-en-personas-mayores\/#primaryimage"},"image":{"@id":"https:\/\/www.casapittier.com\/en\/blog\/salud-oral-en-personas-mayores\/#primaryimage"},"thumbnailUrl":"https:\/\/www.casapittier.com\/wp-content\/uploads\/blog-template-img-destacada-4.png","datePublished":"2021-04-03T14:00:13+00:00","description":"La salud oral es una parte fundamental de la salud integral de las personas mayores. Realizar valoraciones dentales peri\u00f3dicas.","breadcrumb":{"@id":"https:\/\/www.casapittier.com\/en\/blog\/salud-oral-en-personas-mayores\/#breadcrumb"},"inLanguage":"en-US","potentialAction":[{"@type":"ReadAction","target":["https:\/\/www.casapittier.com\/en\/blog\/salud-oral-en-personas-mayores\/"]}]},{"@type":"ImageObject","inLanguage":"en-US","@id":"https:\/\/www.casapittier.com\/en\/blog\/salud-oral-en-personas-mayores\/#primaryimage","url":"https:\/\/www.casapittier.com\/wp-content\/uploads\/blog-template-img-destacada-4.png","contentUrl":"https:\/\/www.casapittier.com\/wp-content\/uploads\/blog-template-img-destacada-4.png","width":1200,"height":782,"caption":"salud oral en personas mayores costa rica"},{"@type":"BreadcrumbList","@id":"https:\/\/www.casapittier.com\/en\/blog\/salud-oral-en-personas-mayores\/#breadcrumb","itemListElement":[{"@type":"ListItem","position":1,"name":"Portada","item":"https:\/\/www.casapittier.com\/"},{"@type":"ListItem","position":2,"name":"Salud Oral en personas mayores"}]},{"@type":"WebSite","@id":"https:\/\/www.casapittier.com\/#website","url":"https:\/\/www.casapittier.com\/","name":"Casa de Estancia Pittier","description":"Casa de Estancia Pittier","publisher":{"@id":"https:\/\/www.casapittier.com\/#organization"},"potentialAction":[{"@type":"SearchAction","target":{"@type":"EntryPoint","urlTemplate":"https:\/\/www.casapittier.com\/?s={search_term_string}"},"query-input":{"@type":"PropertyValueSpecification","valueRequired":true,"valueName":"search_term_string"}}],"inLanguage":"en-US"},{"@type":"Organization","@id":"https:\/\/www.casapittier.com\/#organization","name":"Casa de Estancia Pittier","url":"https:\/\/www.casapittier.com\/","logo":{"@type":"ImageObject","inLanguage":"en-US","@id":"https:\/\/www.casapittier.com\/#\/schema\/logo\/image\/","url":"https:\/\/www.casapittier.com\/wp-content\/uploads\/Untitled-design.png","contentUrl":"https:\/\/www.casapittier.com\/wp-content\/uploads\/Untitled-design.png","width":1500,"height":1500,"caption":"Casa de Estancia Pittier"},"image":{"@id":"https:\/\/www.casapittier.com\/#\/schema\/logo\/image\/"},"sameAs":["https:\/\/www.facebook.com\/casaspittier\/","https:\/\/www.instagram.com\/casaspittier\/"]},{"@type":"Person","@id":"https:\/\/www.casapittier.com\/#\/schema\/person\/216f92e019eaf71e5b56a2880b64abb4","name":"Casa Pittier"}]}},"_links":{"self":[{"href":"https:\/\/www.casapittier.com\/en\/wp-json\/wp\/v2\/posts\/586","targetHints":{"allow":["GET"]}}],"collection":[{"href":"https:\/\/www.casapittier.com\/en\/wp-json\/wp\/v2\/posts"}],"about":[{"href":"https:\/\/www.casapittier.com\/en\/wp-json\/wp\/v2\/types\/post"}],"author":[{"embeddable":true,"href":"https:\/\/www.casapittier.com\/en\/wp-json\/wp\/v2\/users\/3"}],"replies":[{"embeddable":true,"href":"https:\/\/www.casapittier.com\/en\/wp-json\/wp\/v2\/comments?post=586"}],"version-history":[{"count":2,"href":"https:\/\/www.casapittier.com\/en\/wp-json\/wp\/v2\/posts\/586\/revisions"}],"predecessor-version":[{"id":590,"href":"https:\/\/www.casapittier.com\/en\/wp-json\/wp\/v2\/posts\/586\/revisions\/590"}],"wp:featuredmedia":[{"embeddable":true,"href":"https:\/\/www.casapittier.com\/en\/wp-json\/wp\/v2\/media\/589"}],"wp:attachment":[{"href":"https:\/\/www.casapittier.com\/en\/wp-json\/wp\/v2\/media?parent=586"}],"wp:term":[{"taxonomy":"category","embeddable":true,"href":"https:\/\/www.casapittier.com\/en\/wp-json\/wp\/v2\/categories?post=586"},{"taxonomy":"post_tag","embeddable":true,"href":"https:\/\/www.casapittier.com\/en\/wp-json\/wp\/v2\/tags?post=586"}],"curies":[{"name":"wp","href":"https:\/\/api.w.org\/{rel}","templated":true}]}}